{"id":1893,"date":"2020-09-30T14:22:44","date_gmt":"2020-09-30T13:22:44","guid":{"rendered":"https:\/\/bacaci-sjenki.hr\/?p=1893"},"modified":"2024-07-16T09:06:26","modified_gmt":"2024-07-16T08:06:26","slug":"stvaralacka-vecer-nepoznati-bojan-navojec","status":"publish","type":"post","link":"https:\/\/bacaci-sjenki.hr\/en\/stvaralacka-vecer-nepoznati-bojan-navojec\/","title":{"rendered":"Creative Evening: &#8220;The Unknown Bojan Navojec&#8221;"},"content":{"rendered":"<p>The creative evening &#8220;The Unknown Bojan Navojec&#8221; will take place in Pakrac at the <strong>Croatian House \u201cDr. Franjo Tu\u0111man\u201d<\/strong> on <strong>Wednesday, September 30, 2020<\/strong>, starting at <strong>6:00 PM<\/strong>. The evening will showcase Bojan Navojec as a theater, film, and TV actor, performer, multi-author of plays and dance performances, as well as a photographer, writer, and conceptual artist.<\/p>\n<p>Bojan will engage in conversation with moderator <strong>Boris Bakal<\/strong>\u2014actor, director, interdisciplinary artist, and head of <strong>Shadow Casters<\/strong>\u2014about his artistic work, techniques for &#8220;summoning&#8221; inspiration, his preparations for specific performances or artistic endeavors, experiences overcoming personal and social obstacles, and significant works across all artistic fields.<\/p>\n<p>At the beginning of the lecture, a short trailer showcasing the artist&#8217;s body of work will be presented, created by <strong>Marija Georgiev<\/strong>, director and award-winning filmmaker.<\/p>\n<p>Admission to the creative evening is free, and the organizers will ensure strict adherence to all pandemic protection measures during the event.<\/p>\n<p>This creative evening with Bojan Navojec is just the first in a series of artistic evenings held under the program <strong>&#8220;22 People with Attributes,&#8221;<\/strong> co-financed by the Ministry of Culture. The next creative evening in Pakrac will feature <strong>Davor \u0160pi\u0161i\u0107<\/strong> (October 3 at 6 PM), an award-winning writer, dramaturg, and theater critic.<\/p>\n<p>You can read more about the program <strong>&#8220;22 People with Attributes&#8221;<\/strong> <a href=\"https:\/\/bacaci-sjenki.hr\/projekti\/22-ljudi-sa-svojstvima\/\">here<\/a>.<\/p>\n<p><img decoding=\"async\" data-attachment-id=\"1906\" data-permalink=\"https:\/\/bacaci-sjenki.hr\/en\/stvaralacka-vecer-nepoznati-bojan-navojec\/120199855_2397267427245330_5759708948100747205_o\/\" data-orig-file=\"https:\/\/bacaci-sjenki.hr\/wp-content\/uploads\/2020\/09\/120199855_2397267427245330_5759708948100747205_o.jpg\" data-orig-size=\"309,600\" data-comments-opened=\"0\" data-image-meta=\"{&quot;aperture&quot;:&quot;0&quot;,&quot;credit&quot;:&quot;&quot;,&quot;camera&quot;:&quot;&quot;,&quot;caption&quot;:&quot;&quot;,&quot;created_timestamp&quot;:&quot;0&quot;,&quot;copyright&quot;:&quot;&quot;,&quot;focal_length&quot;:&quot;0&quot;,&quot;iso&quot;:&quot;0&quot;,&quot;shutter_speed&quot;:&quot;0&quot;,&quot;title&quot;:&quot;&quot;,&quot;orientation&quot;:&quot;0&quot;}\" data-image-title=\"120199855_2397267427245330_5759708948100747205_o\" data-image-description=\"\" data-image-caption=\"\" data-medium-file=\"https:\/\/bacaci-sjenki.hr\/wp-content\/uploads\/2020\/09\/120199855_2397267427245330_5759708948100747205_o-155x300.jpg\" data-large-file=\"https:\/\/bacaci-sjenki.hr\/wp-content\/uploads\/2020\/09\/120199855_2397267427245330_5759708948100747205_o.jpg\" class=\"size-medium wp-image-1906 aligncenter\" src=\"https:\/\/bacaci-sjenki.hr\/wp-content\/uploads\/2020\/09\/120199855_2397267427245330_5759708948100747205_o-155x300.jpg\" alt=\"\" width=\"155\" height=\"300\" srcset=\"https:\/\/bacaci-sjenki.hr\/wp-content\/uploads\/2020\/09\/120199855_2397267427245330_5759708948100747205_o-155x300.jpg 155w, https:\/\/bacaci-sjenki.hr\/wp-content\/uploads\/2020\/09\/120199855_2397267427245330_5759708948100747205_o.jpg 309w\" sizes=\"(max-width: 155px) 100vw, 155px\" \/><\/p>","protected":false},"excerpt":{"rendered":"<p class=\"qtranxs-available-languages-message qtranxs-available-languages-message-en\">Sorry, this entry is only available in <a href=\"https:\/\/bacaci-sjenki.hr\/hr\/wp-json\/wp\/v2\/posts\/1893\" class=\"qtranxs-available-language-link qtranxs-available-language-link-hr\" title=\"Hrvatski\">Hrvatski<\/a>.<\/p>\n","protected":false},"author":2,"featured_media":1884,"comment_status":"closed","ping_status":"closed","sticky":false,"template":"","format":"standard","meta":{"_acf_changed":false,"_jetpack_newsletter_access":"","_jetpack_dont_email_post_to_subs":false,"_jetpack_newsletter_tier_id":0,"_jetpack_memberships_contains_paywalled_content":false,"_jetpack_memberships_contains_paid_content":false,"footnotes":""},"categories":[11],"tags":[25,39,38],"acf":[],"jetpack_featured_media_url":"https:\/\/bacaci-sjenki.hr\/wp-content\/uploads\/2020\/09\/Nepoznati-Bojan_2020-e1601415547975.jpg","jetpack_sharing_enabled":true,"jetpack_shortlink":"https:\/\/wp.me\/p8cCmC-ux","_links":{"self":[{"href":"https:\/\/bacaci-sjenki.hr\/en\/wp-json\/wp\/v2\/posts\/1893"}],"collection":[{"href":"https:\/\/bacaci-sjenki.hr\/en\/wp-json\/wp\/v2\/posts"}],"about":[{"href":"https:\/\/bacaci-sjenki.hr\/en\/wp-json\/wp\/v2\/types\/post"}],"author":[{"embeddable":true,"href":"https:\/\/bacaci-sjenki.hr\/en\/wp-json\/wp\/v2\/users\/2"}],"replies":[{"embeddable":true,"href":"https:\/\/bacaci-sjenki.hr\/en\/wp-json\/wp\/v2\/comments?post=1893"}],"version-history":[{"count":10,"href":"https:\/\/bacaci-sjenki.hr\/en\/wp-json\/wp\/v2\/posts\/1893\/revisions"}],"predecessor-version":[{"id":4429,"href":"https:\/\/bacaci-sjenki.hr\/en\/wp-json\/wp\/v2\/posts\/1893\/revisions\/4429"}],"wp:featuredmedia":[{"embeddable":true,"href":"https:\/\/bacaci-sjenki.hr\/en\/wp-json\/wp\/v2\/media\/1884"}],"wp:attachment":[{"href":"https:\/\/bacaci-sjenki.hr\/en\/wp-json\/wp\/v2\/media?parent=1893"}],"wp:term":[{"taxonomy":"category","embeddable":true,"href":"https:\/\/bacaci-sjenki.hr\/en\/wp-json\/wp\/v2\/categories?post=1893"},{"taxonomy":"post_tag","embeddable":true,"href":"https:\/\/bacaci-sjenki.hr\/en\/wp-json\/wp\/v2\/tags?post=1893"}],"curies":[{"name":"wp","href":"https:\/\/api.w.org\/{rel}","templated":true}]}}