{"id":2815,"date":"2022-03-21T13:02:21","date_gmt":"2022-03-21T12:02:21","guid":{"rendered":"https:\/\/bacaci-sjenki.hr\/?p=2815"},"modified":"2024-07-15T08:30:17","modified_gmt":"2024-07-15T07:30:17","slug":"prijave-za-cined-forum-u-zagrebu-su-otvorene","status":"publish","type":"post","link":"https:\/\/bacaci-sjenki.hr\/en\/prijave-za-cined-forum-u-zagrebu-su-otvorene\/","title":{"rendered":"CinEd Forum in Zagreb"},"content":{"rendered":"<p>CinEd is one of the most complex film literacy projects in the EU, aimed at a wide range of users: teachers of all directions and levels, educational program leaders, film and audiovisual professionals who want to collaborate in building European culture and educating young people about European film.<\/p>\n<p>We invite all teachers, professors, educators, film professionals, and authors to join us at the CinEd forum events dedicated to teaching about film and through film on <b>April 6th and 7th, 2022<\/b>. It will be lively, interesting, and useful.<\/p>\n<p>The CinEd forum will bring together some of the most important European actors in film education. We will focus on using film as a tool in teaching, and the forum will feature the screening of a new film in the CinEd collection, &#8220;Fear Eats the Soul,&#8221; considered by many to be the best work of the cult director <b>R. W. Fassbinder<\/b>.<\/p>\n<p><img fetchpriority=\"high\" decoding=\"async\" data-attachment-id=\"2816\" data-permalink=\"https:\/\/bacaci-sjenki.hr\/en\/prijave-za-cined-forum-u-zagrebu-su-otvorene\/cined-forum\/\" data-orig-file=\"https:\/\/bacaci-sjenki.hr\/wp-content\/uploads\/2022\/03\/CinEd-forum.png\" data-orig-size=\"602,301\" data-comments-opened=\"0\" data-image-meta=\"{&quot;aperture&quot;:&quot;0&quot;,&quot;credit&quot;:&quot;&quot;,&quot;camera&quot;:&quot;&quot;,&quot;caption&quot;:&quot;&quot;,&quot;created_timestamp&quot;:&quot;0&quot;,&quot;copyright&quot;:&quot;&quot;,&quot;focal_length&quot;:&quot;0&quot;,&quot;iso&quot;:&quot;0&quot;,&quot;shutter_speed&quot;:&quot;0&quot;,&quot;title&quot;:&quot;&quot;,&quot;orientation&quot;:&quot;0&quot;}\" data-image-title=\"CinEd forum\" data-image-description=\"\" data-image-caption=\"\" data-medium-file=\"https:\/\/bacaci-sjenki.hr\/wp-content\/uploads\/2022\/03\/CinEd-forum-300x150.png\" data-large-file=\"https:\/\/bacaci-sjenki.hr\/wp-content\/uploads\/2022\/03\/CinEd-forum.png\" class=\"wp-image-2816 size-full aligncenter\" src=\"https:\/\/bacaci-sjenki.hr\/wp-content\/uploads\/2022\/03\/CinEd-forum.png\" alt=\"\" width=\"602\" height=\"301\" srcset=\"https:\/\/bacaci-sjenki.hr\/wp-content\/uploads\/2022\/03\/CinEd-forum.png 602w, https:\/\/bacaci-sjenki.hr\/wp-content\/uploads\/2022\/03\/CinEd-forum-300x150.png 300w\" sizes=\"(max-width: 602px) 100vw, 602px\" \/><\/p>\n<p><b>On Wednesday, April 6th, at 3 PM<\/b>, we will host a roundtable in the <b>Urania<\/b> hall with the authors of some of the best new Croatian films, <b>Sonja Taroki\u0107 and Neboj\u0161a Slijep\u010devi\u0107<\/b>. We will discuss their films &#8220;The Staffroom&#8221; and &#8220;Srbenka,&#8221; provocation as a possible method in teaching, and film as a means of exploring systems and their problems, moderated by <b>Marija Georgiev<\/b>, filmmaker and Shadow Casters\u2019 education leader.<\/p>\n<p>Then, at <b>5 PM<\/b>, there will be a presentation of the CinEd project and its new interactive film viewing platform, <a href=\"http:\/\/www.cined.eu\" target=\"_new\" rel=\"noopener\"><b>www.cined.eu<\/b><\/a>. The presentation will be opened by <b>Chris Marcich<\/b>, director of the Croatian Audiovisual Centre. The CinEd project will be presented by <b>Rui Machado<\/b>, Deputy Director of the Portuguese Cinematheque; <b>Nathalie Bourgeois<\/b>, educational coordinator of the project; and <b>Boris Bakal<\/b>, artistic director of Shadow Casters. The new CinEd platform will be introduced by <b>Alexandre Ulisses<\/b>, head of innovations at MOG Technologies.<\/p>\n<p><b>On Thursday, April 7th, at Tu\u0161kanac Cinema<\/b>, we will start with a screening of &#8220;Fear Eats the Soul&#8221; for high school students at <b>12 PM<\/b>, followed by an analysis and discussion moderated by filmmaker and FROOOM! workshop leader, <b>Karlo Vorih<\/b>.<\/p>\n<p>We continue at <b>Tu\u0161kanac Cinema at 4 PM<\/b>, where European film and education experts will present new CinEd pedagogical tools for using film in teaching: <b>Andrea Reisz, Christine Kopf, Elina Vitkala, Eva Spilkov\u00e1, Gint\u0117 \u017dulyt\u0117, Isabelle Bourdon, Laia Colell, Maria Cascella, Marija Georgiev, Mette Lagerstam, Monica Sebestyen, Ralitsa Assenova, Sebastien Rosenow, and Teresa Garcia<\/b>. <b>Ejla Kova\u010devi\u0107<\/b> will talk about her work using film as a tool in foreign language teaching.<\/p>\n<p><b>Finally, at 6:30 PM<\/b> <b>at Tu\u0161kanac<\/b>, we have a treat: a screening of <b>R. W. Fassbinder&#8217;s &#8220;Fear Eats the Soul&#8221;<\/b>, followed by a discussion on using this and other provocative films in work with young people. The discussion will be moderated by <b>Martin Ganguly<\/b>, director and university professor, head of the school project at the German Berlinale festival, who will share his experiences teaching this and other Fassbinder films.<\/p>\n<p>Presentations and discussions will be in English with translation into Croatian. Admission to all events is free.<\/p>\n<p><b>Register at:<\/b> <a href=\"https:\/\/forms.gle\/td2zZSTQd1CDfFgJ8\" target=\"_new\" rel=\"noopener\">https:\/\/forms.gle\/td2zZSTQd1CDfFgJ8<\/a><\/p>\n<p style=\"text-align: center;\" align=\"center\"><b>For organized student groups attending the screening of &#8220;Fear Eats the Soul&#8221; on April 7th at 12 PM at Tu\u0161kanac Cinema, please contact us at: marija.bacacisjenki@gmail.com<\/b><\/p>\n<p>The CinEd 2.0 project is co-financed by the European Union&#8217;s Creative Europe MEDIA, the Croatian Audiovisual Centre, the Office for NGOs of the Government of the Republic of Croatia, and the City of Zagreb.<\/p>\n<p>Support for Shadow Casters: Kultura Nova Foundation.<\/p>\n<p>CinEd forum partners: Multimedia Institute MaMa Zagreb, Tu\u0161kanac Cinema, Urania \u2013 Space of Creation.<\/p>\n<p>CinEd project partners<\/p>\n<p><img decoding=\"async\" data-attachment-id=\"2793\" data-permalink=\"https:\/\/bacaci-sjenki.hr\/en\/projekcije-izvornih-filmova-u-ciklusu-filma-naopacke-u-kinu-tuskanac-5-ozujka-u-11h\/cined-partneri-logos\/\" data-orig-file=\"https:\/\/bacaci-sjenki.hr\/wp-content\/uploads\/2022\/03\/CinEd-Partneri-logos.png\" data-orig-size=\"826,292\" data-comments-opened=\"0\" data-image-meta=\"{&quot;aperture&quot;:&quot;0&quot;,&quot;credit&quot;:&quot;&quot;,&quot;camera&quot;:&quot;&quot;,&quot;caption&quot;:&quot;&quot;,&quot;created_timestamp&quot;:&quot;0&quot;,&quot;copyright&quot;:&quot;&quot;,&quot;focal_length&quot;:&quot;0&quot;,&quot;iso&quot;:&quot;0&quot;,&quot;shutter_speed&quot;:&quot;0&quot;,&quot;title&quot;:&quot;&quot;,&quot;orientation&quot;:&quot;0&quot;}\" data-image-title=\"CinEd Partneri logos\" data-image-description=\"\" data-image-caption=\"\" data-medium-file=\"https:\/\/bacaci-sjenki.hr\/wp-content\/uploads\/2022\/03\/CinEd-Partneri-logos-300x106.png\" data-large-file=\"https:\/\/bacaci-sjenki.hr\/wp-content\/uploads\/2022\/03\/CinEd-Partneri-logos.png\" class=\"wp-image-2793 size-full aligncenter\" src=\"https:\/\/bacaci-sjenki.hr\/wp-content\/uploads\/2022\/03\/CinEd-Partneri-logos.png\" alt=\"\" width=\"826\" height=\"292\" srcset=\"https:\/\/bacaci-sjenki.hr\/wp-content\/uploads\/2022\/03\/CinEd-Partneri-logos.png 826w, https:\/\/bacaci-sjenki.hr\/wp-content\/uploads\/2022\/03\/CinEd-Partneri-logos-300x106.png 300w, https:\/\/bacaci-sjenki.hr\/wp-content\/uploads\/2022\/03\/CinEd-Partneri-logos-768x271.png 768w\" sizes=\"(max-width: 826px) 100vw, 826px\" \/><\/p>","protected":false},"excerpt":{"rendered":"<p class=\"qtranxs-available-languages-message qtranxs-available-languages-message-en\">Sorry, this entry is only available in <a href=\"https:\/\/bacaci-sjenki.hr\/hr\/wp-json\/wp\/v2\/posts\/2815\" class=\"qtranxs-available-language-link qtranxs-available-language-link-hr\" title=\"Hrvatski\">Hrvatski<\/a>.<\/p>\n","protected":false},"author":2,"featured_media":2817,"comment_status":"closed","ping_status":"closed","sticky":false,"template":"","format":"standard","meta":{"_acf_changed":false,"_jetpack_newsletter_access":"","_jetpack_dont_email_post_to_subs":false,"_jetpack_newsletter_tier_id":0,"_jetpack_memberships_contains_paywalled_content":false,"_jetpack_memberships_contains_paid_content":false,"footnotes":""},"categories":[11],"tags":[],"acf":[],"jetpack_featured_media_url":"https:\/\/bacaci-sjenki.hr\/wp-content\/uploads\/2022\/03\/CinEd-forum-copy-bez-teksta-e1647864100202.png","jetpack_sharing_enabled":true,"jetpack_shortlink":"https:\/\/wp.me\/p8cCmC-Jp","_links":{"self":[{"href":"https:\/\/bacaci-sjenki.hr\/en\/wp-json\/wp\/v2\/posts\/2815"}],"collection":[{"href":"https:\/\/bacaci-sjenki.hr\/en\/wp-json\/wp\/v2\/posts"}],"about":[{"href":"https:\/\/bacaci-sjenki.hr\/en\/wp-json\/wp\/v2\/types\/post"}],"author":[{"embeddable":true,"href":"https:\/\/bacaci-sjenki.hr\/en\/wp-json\/wp\/v2\/users\/2"}],"replies":[{"embeddable":true,"href":"https:\/\/bacaci-sjenki.hr\/en\/wp-json\/wp\/v2\/comments?post=2815"}],"version-history":[{"count":12,"href":"https:\/\/bacaci-sjenki.hr\/en\/wp-json\/wp\/v2\/posts\/2815\/revisions"}],"predecessor-version":[{"id":4380,"href":"https:\/\/bacaci-sjenki.hr\/en\/wp-json\/wp\/v2\/posts\/2815\/revisions\/4380"}],"wp:featuredmedia":[{"embeddable":true,"href":"https:\/\/bacaci-sjenki.hr\/en\/wp-json\/wp\/v2\/media\/2817"}],"wp:attachment":[{"href":"https:\/\/bacaci-sjenki.hr\/en\/wp-json\/wp\/v2\/media?parent=2815"}],"wp:term":[{"taxonomy":"category","embeddable":true,"href":"https:\/\/bacaci-sjenki.hr\/en\/wp-json\/wp\/v2\/categories?post=2815"},{"taxonomy":"post_tag","embeddable":true,"href":"https:\/\/bacaci-sjenki.hr\/en\/wp-json\/wp\/v2\/tags?post=2815"}],"curies":[{"name":"wp","href":"https:\/\/api.w.org\/{rel}","templated":true}]}}