{"id":2914,"date":"2022-06-08T08:20:08","date_gmt":"2022-06-08T07:20:08","guid":{"rendered":"https:\/\/bacaci-sjenki.hr\/?p=2914"},"modified":"2024-07-15T08:22:55","modified_gmt":"2024-07-15T07:22:55","slug":"provedite-nedjelje-12-6-i-26-6-uz-najslavniju-predstavu-hrvatskog-nezavisnog-kazalista-ex-pozicija","status":"publish","type":"post","link":"https:\/\/bacaci-sjenki.hr\/en\/provedite-nedjelje-12-6-i-26-6-uz-najslavniju-predstavu-hrvatskog-nezavisnog-kazalista-ex-pozicija\/","title":{"rendered":"Spend Sundays, June 12th and June 26th, with the most famous play of Croatian independent theater: Ex-position!"},"content":{"rendered":"<p>We invite you to lose yourself in the mazes of one of the most unique and long-standing performances of Croatian independent theater: Ex-position! Crowned with numerous awards both locally and internationally, Ex-position, after Armenia, Bosnia and Herzegovina, Cyprus, Montenegro, Italy, Hungary, Germany, Romania, and the UK, is once again playing in Zagreb this month only! It is a multi-sensory performative journey and experiential adventure during which the told story permeates every pore of your body. Through a play of deliberate coincidences, it intertwines the history of a building\/neighborhood with the personal histories of the performers and the audience themselves. It has been continuously performed at over 30 festivals in Croatia and abroad from 2005 to 2017, and last year it was renewed, presented in a fresh interpretation by a younger generation of Croatian actors in June, guiding Zagreb residents and their guests on an exciting urban and sensory journey!<\/p>\n<p style=\"text-align: center;\" align=\"center\"><b>Performances will take place at the premises of the Local Committee (MO) Vo\u0107arska, Vo\u0107arska cesta 71, Zagreb.<\/b><\/p>\n<p style=\"text-align: center;\" align=\"center\"><b>Both performances will be held on Sunday, June 12th and Sunday, June 26th, from 10:00 AM to 4:00 PM.<\/b><\/p>\n<p style=\"text-align: center;\" align=\"center\"><b>Exact entry times into the performance are:<\/b><\/p>\n<p style=\"text-align: center;\" align=\"center\"><b>10:00 AM, 10:30 AM, 11:00 AM, 11:30 AM, 12:00 PM, 12:30 PM, 1:00 PM, 1:30 PM, 3:00 PM, 3:30 PM<\/b><\/p>\n<p style=\"text-align: center;\" align=\"center\"><b>You can pre-register for your preferred time slot at: samonebonamjegranica@gmail.com with the subject &#8220;Ex-position&#8221; and the date and time slot you wish to attend \u2013 we will then send you a confirmation with detailed instructions.<\/b><\/p>\n<p align=\"center\"><img fetchpriority=\"high\" decoding=\"async\" data-attachment-id=\"2915\" data-permalink=\"https:\/\/bacaci-sjenki.hr\/en\/provedite-nedjelje-12-6-i-26-6-uz-najslavniju-predstavu-hrvatskog-nezavisnog-kazalista-ex-pozicija\/screenshot-2021-12-16-at-10-06-04\/\" data-orig-file=\"https:\/\/bacaci-sjenki.hr\/wp-content\/uploads\/2022\/06\/Screenshot-2021-12-16-at-10.06.04.jpg\" data-orig-size=\"961,600\" data-comments-opened=\"0\" data-image-meta=\"{&quot;aperture&quot;:&quot;0&quot;,&quot;credit&quot;:&quot;&quot;,&quot;camera&quot;:&quot;&quot;,&quot;caption&quot;:&quot;&quot;,&quot;created_timestamp&quot;:&quot;0&quot;,&quot;copyright&quot;:&quot;&quot;,&quot;focal_length&quot;:&quot;0&quot;,&quot;iso&quot;:&quot;0&quot;,&quot;shutter_speed&quot;:&quot;0&quot;,&quot;title&quot;:&quot;&quot;,&quot;orientation&quot;:&quot;0&quot;}\" data-image-title=\"Screenshot 2021-12-16 at 10.06.04\" data-image-description=\"\" data-image-caption=\"\" data-medium-file=\"https:\/\/bacaci-sjenki.hr\/wp-content\/uploads\/2022\/06\/Screenshot-2021-12-16-at-10.06.04-300x187.jpg\" data-large-file=\"https:\/\/bacaci-sjenki.hr\/wp-content\/uploads\/2022\/06\/Screenshot-2021-12-16-at-10.06.04.jpg\" class=\"aligncenter wp-image-2915 size-full\" src=\"https:\/\/bacaci-sjenki.hr\/wp-content\/uploads\/2022\/06\/Screenshot-2021-12-16-at-10.06.04.jpg\" alt=\"\" width=\"961\" height=\"600\" srcset=\"https:\/\/bacaci-sjenki.hr\/wp-content\/uploads\/2022\/06\/Screenshot-2021-12-16-at-10.06.04.jpg 961w, https:\/\/bacaci-sjenki.hr\/wp-content\/uploads\/2022\/06\/Screenshot-2021-12-16-at-10.06.04-300x187.jpg 300w, https:\/\/bacaci-sjenki.hr\/wp-content\/uploads\/2022\/06\/Screenshot-2021-12-16-at-10.06.04-768x480.jpg 768w\" sizes=\"(max-width: 961px) 100vw, 961px\" \/><\/p>\n<p><b>Production<\/b>: Shadow Casters<\/p>\n<p><b>Concept and Direction<\/b>: Boris Bakal<\/p>\n<p><b>Dramaturgy<\/b>: Stanko Juzba\u0161i\u0107, Marija Georgiev, Katarina Pejovi\u0107, Anja Pletikosa, Boris Bakal, and the performer-authors<\/p>\n<p><b>Performer-authors<\/b>: Lucija Alfier, Katija Bratkovi\u0107, Tomislav Krstanovi\u0107, Mirna Ostro\u0161i\u0107, Marijana Prokl, Zdenka \u0160usti\u0107<\/p>\n<p><b>Sounds and Music<\/b>: Stanko Juzba\u0161i\u0107, Boris Be\u0161tak, Mladen Hrvoje Ili\u0107 (Nik\u0161a Marinovi\u0107)<\/p>\n<p><b>Ex-position logo design<\/b>: \u017deljko Serdarevi\u0107<\/p>\n<p><b>Visual design<\/b>: Mare \u0160uljak<\/p>\n<p><b>Executive producer, organization, and technical support<\/b>: Zvonimir Be\u0161li\u0107, Pavle Perkovi\u0107<\/p>\n<p><b>Documentation<\/b>: Hrvoje Podobnik Gero<\/p>\n<p><b>Co-production<\/b>: MO Vo\u0107arska<\/p>\n<p><b>Thanks for playing and collaborating on Ex-position<\/b>: Tanja Vrvilo, Bojan Navojec, Emil Mate\u0161i\u0107, Jelena Lopati\u0107, Nina Violi\u0107, Damir Klemeni\u0107, Ena Schulz, Antonija Stani\u0161i\u0107, Zrinka Ku\u0161evi\u0107, Dean Kriva\u010di\u0107, Helena Kalini\u0107, Petra Zanki, Lada Bona\u010di, Leo Vukeli\u0107, Nik\u0161a Marinovi\u0107, Tomislav Jur\u010dec, Lara Filandri, Sosso Chatzimaoli, Amalia Rodriguez, Alle Valle, Esta Matkovi\u0107, Maren Schl\u00fcter, Diogo Morret, Samuel Duvoisin, Eva Busch, Ivan Bauk, Sa\u0161a Bogojevi\u0107, Milan \u017derjav, Jovan \u0106irilov, Vesna Vukovi\u0107, Vedran Senjanovi\u0107, \u017deljko Serdarevi\u0107, and many others.<\/p>","protected":false},"excerpt":{"rendered":"<p class=\"qtranxs-available-languages-message qtranxs-available-languages-message-en\">Sorry, this entry is only available in <a href=\"https:\/\/bacaci-sjenki.hr\/hr\/wp-json\/wp\/v2\/posts\/2914\" class=\"qtranxs-available-language-link qtranxs-available-language-link-hr\" title=\"Hrvatski\">Hrvatski<\/a>.<\/p>\n","protected":false},"author":2,"featured_media":2917,"comment_status":"closed","ping_status":"closed","sticky":false,"template":"","format":"standard","meta":{"_acf_changed":false,"_jetpack_newsletter_access":"","_jetpack_dont_email_post_to_subs":false,"_jetpack_newsletter_tier_id":0,"_jetpack_memberships_contains_paywalled_content":false,"_jetpack_memberships_contains_paid_content":false,"footnotes":""},"categories":[11],"tags":[],"acf":[],"jetpack_featured_media_url":"https:\/\/bacaci-sjenki.hr\/wp-content\/uploads\/2022\/06\/expozicija2022.jpg","jetpack_sharing_enabled":true,"jetpack_shortlink":"https:\/\/wp.me\/p8cCmC-L0","_links":{"self":[{"href":"https:\/\/bacaci-sjenki.hr\/en\/wp-json\/wp\/v2\/posts\/2914"}],"collection":[{"href":"https:\/\/bacaci-sjenki.hr\/en\/wp-json\/wp\/v2\/posts"}],"about":[{"href":"https:\/\/bacaci-sjenki.hr\/en\/wp-json\/wp\/v2\/types\/post"}],"author":[{"embeddable":true,"href":"https:\/\/bacaci-sjenki.hr\/en\/wp-json\/wp\/v2\/users\/2"}],"replies":[{"embeddable":true,"href":"https:\/\/bacaci-sjenki.hr\/en\/wp-json\/wp\/v2\/comments?post=2914"}],"version-history":[{"count":4,"href":"https:\/\/bacaci-sjenki.hr\/en\/wp-json\/wp\/v2\/posts\/2914\/revisions"}],"predecessor-version":[{"id":4375,"href":"https:\/\/bacaci-sjenki.hr\/en\/wp-json\/wp\/v2\/posts\/2914\/revisions\/4375"}],"wp:featuredmedia":[{"embeddable":true,"href":"https:\/\/bacaci-sjenki.hr\/en\/wp-json\/wp\/v2\/media\/2917"}],"wp:attachment":[{"href":"https:\/\/bacaci-sjenki.hr\/en\/wp-json\/wp\/v2\/media?parent=2914"}],"wp:term":[{"taxonomy":"category","embeddable":true,"href":"https:\/\/bacaci-sjenki.hr\/en\/wp-json\/wp\/v2\/categories?post=2914"},{"taxonomy":"post_tag","embeddable":true,"href":"https:\/\/bacaci-sjenki.hr\/en\/wp-json\/wp\/v2\/tags?post=2914"}],"curies":[{"name":"wp","href":"https:\/\/api.w.org\/{rel}","templated":true}]}}