{"id":3258,"date":"2022-11-23T16:33:42","date_gmt":"2022-11-23T15:33:42","guid":{"rendered":"https:\/\/bacaci-sjenki.hr\/?p=3258"},"modified":"2024-07-03T10:05:05","modified_gmt":"2024-07-03T09:05:05","slug":"provedite-nedjelje-11-12-uz-najslavniju-predstavu-hrvatskog-nezavisnog-kazalista-ex-pozicija","status":"publish","type":"post","link":"https:\/\/bacaci-sjenki.hr\/en\/provedite-nedjelje-11-12-uz-najslavniju-predstavu-hrvatskog-nezavisnog-kazalista-ex-pozicija\/","title":{"rendered":"Spend Sunday, December 11th, with the most famous play of Croatian independent theater: Ex-position!"},"content":{"rendered":"<p><img decoding=\"async\" data-attachment-id=\"2917\" data-permalink=\"https:\/\/bacaci-sjenki.hr\/en\/provedite-nedjelje-12-6-i-26-6-uz-najslavniju-predstavu-hrvatskog-nezavisnog-kazalista-ex-pozicija\/expozicija2022\/\" data-orig-file=\"https:\/\/bacaci-sjenki.hr\/wp-content\/uploads\/2022\/06\/expozicija2022.jpg\" data-orig-size=\"1200,584\" data-comments-opened=\"0\" data-image-meta=\"{&quot;aperture&quot;:&quot;0&quot;,&quot;credit&quot;:&quot;&quot;,&quot;camera&quot;:&quot;&quot;,&quot;caption&quot;:&quot;&quot;,&quot;created_timestamp&quot;:&quot;0&quot;,&quot;copyright&quot;:&quot;&quot;,&quot;focal_length&quot;:&quot;0&quot;,&quot;iso&quot;:&quot;0&quot;,&quot;shutter_speed&quot;:&quot;0&quot;,&quot;title&quot;:&quot;&quot;,&quot;orientation&quot;:&quot;1&quot;}\" data-image-title=\"expozicija2022\" data-image-description=\"\" data-image-caption=\"\" data-medium-file=\"https:\/\/bacaci-sjenki.hr\/wp-content\/uploads\/2022\/06\/expozicija2022-300x146.jpg\" data-large-file=\"https:\/\/bacaci-sjenki.hr\/wp-content\/uploads\/2022\/06\/expozicija2022-1024x498.jpg\" class=\"size-medium wp-image-2917 aligncenter\" src=\"https:\/\/bacaci-sjenki.hr\/wp-content\/uploads\/2022\/06\/expozicija2022-300x146.jpg\" alt=\"\" width=\"300\" height=\"146\" srcset=\"https:\/\/bacaci-sjenki.hr\/wp-content\/uploads\/2022\/06\/expozicija2022-300x146.jpg 300w, https:\/\/bacaci-sjenki.hr\/wp-content\/uploads\/2022\/06\/expozicija2022-1024x498.jpg 1024w, https:\/\/bacaci-sjenki.hr\/wp-content\/uploads\/2022\/06\/expozicija2022-768x374.jpg 768w, https:\/\/bacaci-sjenki.hr\/wp-content\/uploads\/2022\/06\/expozicija2022.jpg 1200w\" sizes=\"(max-width: 300px) 100vw, 300px\" \/><\/p>\n<p>We invite you to get lost in the labyrinths of one of the most unusual and long-lasting performances of Croatian independent theater by intermedia artist and activist Boris Bakal. Decorated with numerous awards both domestically and internationally, Ex-position, following its performances in Armenia, Bosnia and Herzegovina, Cyprus, Montenegro, Italy, Hungary, Germany, Romania, and the UK, is once again playing in Zagreb twice before the end of the year! It is a multi-sensory performative journey and experiential adventure during which the story told enters into every pore of your body. Played continuously at over 30 festivals in Croatia and abroad from 2005 to 2017, and renewed last year with a fresh interpretation by a younger generation of Croatian actors, it now leads residents of Zagreb and their guests on an exciting urban and sensory journey once more!<\/p>\n<p style=\"text-align: center;\"><strong>The performance will take place at the premises of the Local Community (MO) Vo\u0107arska, Vo\u0107arska cesta 71, Zagreb.<\/strong><\/p>\n<p style=\"text-align: center;\"><strong>Performances will be held on Sunday, December 11th, in time slots from 10:30 am to 3:00 pm.<\/strong><\/p>\n<p style=\"text-align: center;\"><strong>Exact entry times for the performance are:<\/strong><\/p>\n<p style=\"text-align: center;\"><strong>10:30 am, 11:00 am, 11:30 am, 12:00 pm, 12:30 pm, 1:00 pm, 1:30 pm, 3:00 pm<\/strong><\/p>\n<p style=\"text-align: center;\"><strong>Ticket price for the performance is 65 HRK. Tickets will be charged at the entrance to your scheduled performance time (please prepare the exact amount).<\/strong><\/p>\n<p style=\"text-align: center;\"><strong>You can pre-book your time slot by emailing samonebonamjegranica@gmail.com with the subject &#8220;Ex-position&#8221; and the day and time you wish to attend &#8211; then we will send you a confirmation of the time slot with detailed instructions.<\/strong><\/p>\n<p>Supported by: City Office for Culture, Intercity and International Cooperation and Civil Society<\/p>\n<p><img fetchpriority=\"high\" decoding=\"async\" data-attachment-id=\"3259\" data-permalink=\"https:\/\/bacaci-sjenki.hr\/en\/provedite-nedjelje-11-12-uz-najslavniju-predstavu-hrvatskog-nezavisnog-kazalista-ex-pozicija\/screenshot-2021-12-16-at-10-12-05\/\" data-orig-file=\"https:\/\/bacaci-sjenki.hr\/wp-content\/uploads\/2022\/11\/Screenshot-2021-12-16-at-10.12.05.jpg\" data-orig-size=\"961,600\" data-comments-opened=\"0\" data-image-meta=\"{&quot;aperture&quot;:&quot;0&quot;,&quot;credit&quot;:&quot;&quot;,&quot;camera&quot;:&quot;&quot;,&quot;caption&quot;:&quot;&quot;,&quot;created_timestamp&quot;:&quot;0&quot;,&quot;copyright&quot;:&quot;&quot;,&quot;focal_length&quot;:&quot;0&quot;,&quot;iso&quot;:&quot;0&quot;,&quot;shutter_speed&quot;:&quot;0&quot;,&quot;title&quot;:&quot;&quot;,&quot;orientation&quot;:&quot;0&quot;}\" data-image-title=\"Screenshot 2021-12-16 at 10.12.05\" data-image-description=\"\" data-image-caption=\"\" data-medium-file=\"https:\/\/bacaci-sjenki.hr\/wp-content\/uploads\/2022\/11\/Screenshot-2021-12-16-at-10.12.05-300x187.jpg\" data-large-file=\"https:\/\/bacaci-sjenki.hr\/wp-content\/uploads\/2022\/11\/Screenshot-2021-12-16-at-10.12.05.jpg\" class=\"aligncenter wp-image-3259 size-full\" src=\"https:\/\/bacaci-sjenki.hr\/wp-content\/uploads\/2022\/11\/Screenshot-2021-12-16-at-10.12.05.jpg\" alt=\"\" width=\"961\" height=\"600\" srcset=\"https:\/\/bacaci-sjenki.hr\/wp-content\/uploads\/2022\/11\/Screenshot-2021-12-16-at-10.12.05.jpg 961w, https:\/\/bacaci-sjenki.hr\/wp-content\/uploads\/2022\/11\/Screenshot-2021-12-16-at-10.12.05-300x187.jpg 300w, https:\/\/bacaci-sjenki.hr\/wp-content\/uploads\/2022\/11\/Screenshot-2021-12-16-at-10.12.05-768x480.jpg 768w\" sizes=\"(max-width: 961px) 100vw, 961px\" \/><\/p>\n<p><strong>Production<\/strong>: Shadow Casters<\/p>\n<p><strong>Concept and Direction<\/strong>: Boris Bakal<\/p>\n<p><strong>Dramaturgy<\/strong>: Stanko Juzba\u0161i\u0107, Marija Georgiev, Katarina Pejovi\u0107, Anja Pletikosa, Boris Bakal, and the authors-performers<\/p>\n<p><strong>Authors-performers<\/strong>: Lucija Alfier, Katija Bratkovi\u0107, Tomislav Krstanovi\u0107, Mirna Ostro\u0161i\u0107, Marijana Prokl, Zdenka \u0160usti\u0107<\/p>\n<p><strong>Sounds and Music<\/strong>: Stanko Juzba\u0161i\u0107, Boris Be\u0161tak, Mladen Hrvoje Ili\u0107 (Nik\u0161a Marinovi\u0107)<\/p>\n<p><strong>Ex-position logo design<\/strong>: \u017deljko Serdarevi\u0107<\/p>\n<p><strong>Visual design<\/strong>: Mare \u0160uljak<\/p>\n<p><strong>Executive Producer, Organization, and Technical Support<\/strong>: Zvonimir Be\u0161li\u0107, Pavle Perkovi\u0107<\/p>\n<p><strong>Documentation<\/strong>: Hrvoje Podobnik Gero<\/p>\n<p><strong>Co-production<\/strong>: MO Vo\u0107arska<\/p>\n<p><strong>Acknowledgments for playing and collaboration on Ex-position<\/strong>: Tanja Vrvilo, Bojan Navojec, Emil Mate\u0161i\u0107, Jelena Lopati\u0107, Nina Violi\u0107, Damir Klemeni\u0107, Ena Schulz, Antonija Stani\u0161i\u0107, Zrinka Ku\u0161evi\u0107, Dean Kriva\u010di\u0107, Helena Kalini\u0107, Petra Zanki, Lada Bona\u010di, Leo Vukeli\u0107, Nik\u0161a Marinovi\u0107, Tomislav Jur\u010dec, Lara Filandri, Sosso Chatzimaoli, Amalia Rodriguez, Alle Valle, Esta Matkovi\u0107, Maren Schl\u00fcter, Diogo Morret, Samuel Duvoisin, Eva Busch, Ivan Bauk, Sa\u0161a Bogojevi\u0107, Milan \u017derjav, Jovan \u0106irilov, Vesna Vukovi\u0107, Vedran Senjanovi\u0107, \u017deljko Serdarevi\u0107, and many others.<\/p>","protected":false},"excerpt":{"rendered":"<p class=\"qtranxs-available-languages-message qtranxs-available-languages-message-en\">Sorry, this entry is only available in <a href=\"https:\/\/bacaci-sjenki.hr\/hr\/wp-json\/wp\/v2\/posts\/3258\" class=\"qtranxs-available-language-link qtranxs-available-language-link-hr\" title=\"Hrvatski\">Hrvatski<\/a>.<\/p>\n","protected":false},"author":2,"featured_media":2917,"comment_status":"closed","ping_status":"closed","sticky":false,"template":"","format":"standard","meta":{"_acf_changed":false,"_jetpack_newsletter_access":"","_jetpack_dont_email_post_to_subs":false,"_jetpack_newsletter_tier_id":0,"_jetpack_memberships_contains_paywalled_content":false,"_jetpack_memberships_contains_paid_content":false,"footnotes":""},"categories":[11,12],"tags":[],"acf":[],"jetpack_featured_media_url":"https:\/\/bacaci-sjenki.hr\/wp-content\/uploads\/2022\/06\/expozicija2022.jpg","jetpack_sharing_enabled":true,"jetpack_shortlink":"https:\/\/wp.me\/p8cCmC-Qy","_links":{"self":[{"href":"https:\/\/bacaci-sjenki.hr\/en\/wp-json\/wp\/v2\/posts\/3258"}],"collection":[{"href":"https:\/\/bacaci-sjenki.hr\/en\/wp-json\/wp\/v2\/posts"}],"about":[{"href":"https:\/\/bacaci-sjenki.hr\/en\/wp-json\/wp\/v2\/types\/post"}],"author":[{"embeddable":true,"href":"https:\/\/bacaci-sjenki.hr\/en\/wp-json\/wp\/v2\/users\/2"}],"replies":[{"embeddable":true,"href":"https:\/\/bacaci-sjenki.hr\/en\/wp-json\/wp\/v2\/comments?post=3258"}],"version-history":[{"count":9,"href":"https:\/\/bacaci-sjenki.hr\/en\/wp-json\/wp\/v2\/posts\/3258\/revisions"}],"predecessor-version":[{"id":4304,"href":"https:\/\/bacaci-sjenki.hr\/en\/wp-json\/wp\/v2\/posts\/3258\/revisions\/4304"}],"wp:featuredmedia":[{"embeddable":true,"href":"https:\/\/bacaci-sjenki.hr\/en\/wp-json\/wp\/v2\/media\/2917"}],"wp:attachment":[{"href":"https:\/\/bacaci-sjenki.hr\/en\/wp-json\/wp\/v2\/media?parent=3258"}],"wp:term":[{"taxonomy":"category","embeddable":true,"href":"https:\/\/bacaci-sjenki.hr\/en\/wp-json\/wp\/v2\/categories?post=3258"},{"taxonomy":"post_tag","embeddable":true,"href":"https:\/\/bacaci-sjenki.hr\/en\/wp-json\/wp\/v2\/tags?post=3258"}],"curies":[{"name":"wp","href":"https:\/\/api.w.org\/{rel}","templated":true}]}}