{"id":538,"date":"2017-09-28T10:53:32","date_gmt":"2017-09-28T10:53:32","guid":{"rendered":"http:\/\/bacaci-sjenki.hr\/\/?p=538"},"modified":"2024-07-19T08:39:13","modified_gmt":"2024-07-19T07:39:13","slug":"hrvatski-frooom-invazija-pali-su-sarajevo-sisak-bjelovar-chemnitz-i-wells","status":"publish","type":"post","link":"https:\/\/bacaci-sjenki.hr\/en\/hrvatski-frooom-invazija-pali-su-sarajevo-sisak-bjelovar-chemnitz-i-wells\/","title":{"rendered":"Frooom! Invasion &#8211; Sarajevo, Sisak, Bjelovar, Chemnitz, and Wells Have &#8220;Fallen&#8221;!"},"content":{"rendered":"<p>After the <a href=\"https:\/\/www.frooom.eu\/\">Frooom!<\/a> workshops in Koprivnica, Prelog, Rijeka, Sinj, Split, Pakrac, and Zagreb, and following the presentation at the global media literacy conference <a href=\"https:\/\/mediameetsliteracy.eu\/speakers\/\">&#8220;Media Meets Literacy&#8221;<\/a> in Sarajevo, Frooom! continues its joyful journey across festivals and reviews, presenting Frooom! films and itself:<\/p>\n<p>At the <strong><a href=\"https:\/\/www.hfs.hr\/hfs\/festivali_792\/novosti_detail.aspx?sif=4590#.WczQV4px2Rs\">Children&#8217;s Creative Film Review<\/a><\/strong> in Sisak, Frooom! competed with four films (documentary: <a href=\"https:\/\/vimeo.com\/169222515\">&#8220;A Day in the Life of Janko Poli\u0107 Kamov&#8221;<\/a> from Rijeka, animated: <a href=\"https:\/\/vimeo.com\/195773092\">&#8220;In Roko&#8217;s Park&#8221;<\/a> from Zagreb, and two feature films:<a href=\"https:\/\/vimeo.com\/195773462\"> &#8220;As You Sow, So Shall You Reap&#8221;<\/a> from Zagreb &amp;<a href=\"https:\/\/vimeo.com\/194854470\"> &#8220;The Mystery of the Lost Prop&#8221;<\/a> from Zagreb). The <a href=\"https:\/\/www.hfs.hr\/baza\/hfs\/novosti\/2017_Revija_djece_selekcija.pdf\">films<\/a> were presented by Frooom! workshop leader <strong><a href=\"https:\/\/bacaci-sjenki.hr\/\/hr\/osobe\/hrvatski-veno-musinovic\/\">Veno Mu\u0161inovi\u0107<\/a><\/strong> and participants Ivna Sale\u010di\u0107, Lucija \u010crnkovi\u0107, Dominik Markovina from Zagreb, and Danijel Vlah from Rijeka.<\/p>\n<p>At the international children&#8217;s film festival <strong><a href=\"https:\/\/ff-schlingel.de\/en\/News\/News_3317.html\">Schlingel<\/a> <\/strong>in Chemnitz (Germany), <strong><a href=\"https:\/\/bacaci-sjenki.hr\/\/hr\/osobe\/hrvatski-boris-bakal\/\">Boris Bakal<\/a><\/strong> presented Frooom! in the Industry section during breaks while selecting films for the new season of our school.<\/p>\n<p>At<strong><a href=\"https:\/\/dokuart.hr\/\"> DokuArt<\/a><\/strong>, the documentary film festival in Bjelovar, Frooom! was represented by Karlo Vorih, and our documentary films were selected for the program: &#8220;THE WORLD AT WAR&#8221; (authors: Bruno Ma\u0161i\u0107, Kan Priselac Nova\u010di\u0107, Martin Piljek, Luca Oesch, Leon \u010cegec), &#8220;RIJEKA, THE CITY OF LIVING AND NON-LIVING NATURE&#8221; (authors: Nikola Vlah, Neva Bla\u017eevi\u0107, Celina Butkovi\u0107, Mia Kos), &#8220;FILM ABOUT (DIS)ORDER&#8221; (Enea Kulenovi\u0107 Gudan, Dominic Markovina, Marko Cari\u0107, Bartol Cari\u0107, Bartol Gracin, Mislav Gracin), &#8220;A DAY IN THE LIFE OF JANKO POLI\u0106 KAMOV&#8221; (authors: Jan Dokmanovi\u0107, Danijel Vlah, Ema Juri\u0161a).<\/p>\n<p>At the international festival <strong><a href=\"https:\/\/www.youki.at\/en\/\">YOUKI in Wels<\/a><\/strong> &#8211; where, by the way, we won a <strong><a href=\"https:\/\/www.youki.at\/en\/youki-2\/youki-winners-2016\">special award for innovation<\/a> <\/strong>last year &#8211; we are in this year&#8217;s competition program with an experimental film from the master workshop of analog film by <a href=\"https:\/\/bacaci-sjenki.hr\/\/hr\/osobe\/hrvatski-vedran-senjanovic\/\">Vedran Senjanovi\u0107<\/a> and Mihael Kuba\u010dek <strong><a href=\"https:\/\/vimeo.com\/194850835\">&#8220;Jump is My Weapon&#8221;<\/a><\/strong> (authors: Grgur Beli\u0107, Anika Borko, Tarin Filipec, Gustav Lauc, Dan Polimac, Vilim Winter).<\/p>\n<p>We will soon inform you about presentations in the Netherlands, Belgium, and Italy, but all in due time.<\/p>","protected":false},"excerpt":{"rendered":"<p>Frooom! se predstavlja s programom, metodama rada te filmovima u Bosni i Hercegovini, Njema\u010dkoj, po cijeloj Hrvatskoj te Austriji, a uskoro i u Nizozemskoj, Italiji i Belgiji<\/p>\n","protected":false},"author":2,"featured_media":559,"comment_status":"closed","ping_status":"closed","sticky":false,"template":"","format":"standard","meta":{"_acf_changed":false,"_jetpack_newsletter_access":"","_jetpack_dont_email_post_to_subs":false,"_jetpack_newsletter_tier_id":0,"_jetpack_memberships_contains_paywalled_content":false,"_jetpack_memberships_contains_paid_content":false,"footnotes":""},"categories":[11],"tags":[],"acf":[],"jetpack_featured_media_url":"https:\/\/bacaci-sjenki.hr\/wp-content\/uploads\/2017\/09\/novi_sad_sci_fi_invazija_by_srkx-d8gimlj.jpg","jetpack_sharing_enabled":true,"jetpack_shortlink":"https:\/\/wp.me\/p8cCmC-8G","_links":{"self":[{"href":"https:\/\/bacaci-sjenki.hr\/en\/wp-json\/wp\/v2\/posts\/538"}],"collection":[{"href":"https:\/\/bacaci-sjenki.hr\/en\/wp-json\/wp\/v2\/posts"}],"about":[{"href":"https:\/\/bacaci-sjenki.hr\/en\/wp-json\/wp\/v2\/types\/post"}],"author":[{"embeddable":true,"href":"https:\/\/bacaci-sjenki.hr\/en\/wp-json\/wp\/v2\/users\/2"}],"replies":[{"embeddable":true,"href":"https:\/\/bacaci-sjenki.hr\/en\/wp-json\/wp\/v2\/comments?post=538"}],"version-history":[{"count":20,"href":"https:\/\/bacaci-sjenki.hr\/en\/wp-json\/wp\/v2\/posts\/538\/revisions"}],"predecessor-version":[{"id":4471,"href":"https:\/\/bacaci-sjenki.hr\/en\/wp-json\/wp\/v2\/posts\/538\/revisions\/4471"}],"wp:featuredmedia":[{"embeddable":true,"href":"https:\/\/bacaci-sjenki.hr\/en\/wp-json\/wp\/v2\/media\/559"}],"wp:attachment":[{"href":"https:\/\/bacaci-sjenki.hr\/en\/wp-json\/wp\/v2\/media?parent=538"}],"wp:term":[{"taxonomy":"category","embeddable":true,"href":"https:\/\/bacaci-sjenki.hr\/en\/wp-json\/wp\/v2\/categories?post=538"},{"taxonomy":"post_tag","embeddable":true,"href":"https:\/\/bacaci-sjenki.hr\/en\/wp-json\/wp\/v2\/tags?post=538"}],"curies":[{"name":"wp","href":"https:\/\/api.w.org\/{rel}","templated":true}]}}