{"id":561,"date":"2017-10-01T16:20:03","date_gmt":"2017-10-01T16:20:03","guid":{"rendered":"http:\/\/bacaci-sjenki.hr\/\/?p=561"},"modified":"2024-07-19T08:32:46","modified_gmt":"2024-07-19T07:32:46","slug":"hrvatski-dva-frooomovska-filma-nagradena-u-sisku-cestitke-mladim-autorima","status":"publish","type":"post","link":"https:\/\/bacaci-sjenki.hr\/en\/hrvatski-dva-frooomovska-filma-nagradena-u-sisku-cestitke-mladim-autorima\/","title":{"rendered":"Two Frooom! Films Awarded in Sisak &#8211; Congratulations!"},"content":{"rendered":"<p><\/p>\n<div class=\"flex flex-grow flex-col max-w-full\">\n<div class=\"min-h-[20px] text-message flex w-full flex-col items-end gap-2 whitespace-pre-wrap break-words [.text-message+&amp;]:mt-5 overflow-x-auto\" dir=\"auto\" data-message-author-role=\"assistant\" data-message-id=\"52752958-44fa-4c69-ad48-f65075ad8ab6\">\n<div class=\"flex w-full flex-col gap-1 empty:hidden first:pt-[3px]\">\n<div class=\"markdown prose w-full break-words dark:prose-invert dark\">\n<p>As part of the autumn &#8220;invasion&#8221; of Frooom! guest appearances, presentations, screenings, and various strategic and geopolitical moves and offensives, we are especially pleased with the two awards received at the recently held festival in Sisak.<\/p>\n<p>At the 55th Children&#8217;s Creative Film Review in Sisak, two films from the Frooom! workshops were awarded: the documentary film from Rijeka &#8220;A Day in the Life of Janko Poli\u0107 Kamov&#8221; and the feature film &#8220;The Mystery of the Lost Prop&#8221; from Zagreb.<\/p>\n<p>As we said, wrote, and now repeat, the Frooom! team, led by the excellent and always cheerful leader Veno Mu\u0161inovi\u0107, along with Lucija \u010crnkovi\u0107, Ivna Sale\u010di\u0107, Danijel Vlah, and Dominik Markovina, successfully represented us at this very joyful and significant film event.<\/p>\n<p>Special congratulations go to all the authors of the awarded films (<a href=\"https:\/\/vimeo.com\/169222515\">&#8220;A DAY IN THE LIFE OF JANKO POLI\u0106 KAMOV,&#8221;<\/a> authors: Jan Dokmanovi\u0107, Danijel Vlah, Ema Juri\u0161a, with mentors Dalija Dozet and Anja Pletikosa; <a href=\"https:\/\/vimeo.com\/194854470\">&#8220;THE MYSTERY OF THE LOST PROP,&#8221;<\/a> authors: Lucija \u010crnkovi\u0107\/director, Ema \u010crnkovi\u0107, Marica Vukeli\u0107, Klara Goner, Lucijan Gruji\u0107, Rajna Vukeli\u0107, Una Okanovi\u0107, Nina Picek, Lara Bo\u0161nir\/screenwriter, Eva Gluhak\/narrator, Fran Krcunovi\u0107\/cameraman, with mentors Dalija Dozet and Veno Mu\u0161inovi\u0107).<\/p>\n<p>Read more about the festival in Sisak and the awards at this <a href=\"https:\/\/www.hfs.hr\/novosti_detail.aspx?sif=4692#.WdEPCEqCyRu\">link<\/a>.<\/p>\n<\/div>\n<\/div>\n<\/div>\n<\/div>\n<p><\/p>","protected":false},"excerpt":{"rendered":"<p class=\"qtranxs-available-languages-message qtranxs-available-languages-message-en\">Sorry, this entry is only available in <a href=\"https:\/\/bacaci-sjenki.hr\/hr\/wp-json\/wp\/v2\/posts\/561\" class=\"qtranxs-available-language-link qtranxs-available-language-link-hr\" title=\"Hrvatski\">Hrvatski<\/a>.<\/p>\n","protected":false},"author":2,"featured_media":562,"comment_status":"closed","ping_status":"closed","sticky":false,"template":"","format":"standard","meta":{"_acf_changed":false,"_jetpack_newsletter_access":"","_jetpack_dont_email_post_to_subs":false,"_jetpack_newsletter_tier_id":0,"_jetpack_memberships_contains_paywalled_content":false,"_jetpack_memberships_contains_paid_content":false,"footnotes":""},"categories":[11],"tags":[],"acf":[],"jetpack_featured_media_url":"https:\/\/bacaci-sjenki.hr\/wp-content\/uploads\/2017\/10\/Sisak_tvrdjava.jpg","jetpack_sharing_enabled":true,"jetpack_shortlink":"https:\/\/wp.me\/p8cCmC-93","_links":{"self":[{"href":"https:\/\/bacaci-sjenki.hr\/en\/wp-json\/wp\/v2\/posts\/561"}],"collection":[{"href":"https:\/\/bacaci-sjenki.hr\/en\/wp-json\/wp\/v2\/posts"}],"about":[{"href":"https:\/\/bacaci-sjenki.hr\/en\/wp-json\/wp\/v2\/types\/post"}],"author":[{"embeddable":true,"href":"https:\/\/bacaci-sjenki.hr\/en\/wp-json\/wp\/v2\/users\/2"}],"replies":[{"embeddable":true,"href":"https:\/\/bacaci-sjenki.hr\/en\/wp-json\/wp\/v2\/comments?post=561"}],"version-history":[{"count":7,"href":"https:\/\/bacaci-sjenki.hr\/en\/wp-json\/wp\/v2\/posts\/561\/revisions"}],"predecessor-version":[{"id":4470,"href":"https:\/\/bacaci-sjenki.hr\/en\/wp-json\/wp\/v2\/posts\/561\/revisions\/4470"}],"wp:featuredmedia":[{"embeddable":true,"href":"https:\/\/bacaci-sjenki.hr\/en\/wp-json\/wp\/v2\/media\/562"}],"wp:attachment":[{"href":"https:\/\/bacaci-sjenki.hr\/en\/wp-json\/wp\/v2\/media?parent=561"}],"wp:term":[{"taxonomy":"category","embeddable":true,"href":"https:\/\/bacaci-sjenki.hr\/en\/wp-json\/wp\/v2\/categories?post=561"},{"taxonomy":"post_tag","embeddable":true,"href":"https:\/\/bacaci-sjenki.hr\/en\/wp-json\/wp\/v2\/tags?post=561"}],"curies":[{"name":"wp","href":"https:\/\/api.w.org\/{rel}","templated":true}]}}