{"id":3199,"date":"2022-11-10T10:54:06","date_gmt":"2022-11-10T09:54:06","guid":{"rendered":"https:\/\/bacaci-sjenki.hr\/?p=3199"},"modified":"2024-07-04T09:08:50","modified_gmt":"2024-07-04T08:08:50","slug":"izlozba-bastina-medunarodne-suradnje-africki-i-azijski-radovi-hrvatskih-arhitekata-u-sarajevu","status":"publish","type":"post","link":"https:\/\/bacaci-sjenki.hr\/fr\/izlozba-bastina-medunarodne-suradnje-africki-i-azijski-radovi-hrvatskih-arhitekata-u-sarajevu\/","title":{"rendered":"(Hrvatski) IZLO\u017dBA \u00ab\u00a0BA\u0160TINA ME\u0110UNARODNE SURADNJE : AFRI\u010cKI I AZIJSKI RADOVI HRVATSKIH ARHITEKATA\u00a0\u00bb U SARAJEVU"},"content":{"rendered":"<p class=\"qtranxs-available-languages-message qtranxs-available-languages-message-fr\">D\u00e9sol\u00e9, cet article est seulement disponible en <a href=\"https:\/\/bacaci-sjenki.hr\/hr\/wp-json\/wp\/v2\/posts\/3199\" class=\"qtranxs-available-language-link qtranxs-available-language-link-hr\" title=\"Hrvatski\">Hrvatski<\/a> et <a href=\"https:\/\/bacaci-sjenki.hr\/en\/wp-json\/wp\/v2\/posts\/3199\" class=\"qtranxs-available-language-link qtranxs-available-language-link-en\" title=\"English\">English<\/a>.<\/p>","protected":false},"excerpt":{"rendered":"<p>D\u00e9sol\u00e9, cet article est seulement disponible en Hrvatski et English.<\/p>\n","protected":false},"author":2,"featured_media":3202,"comment_status":"closed","ping_status":"closed","sticky":false,"template":"","format":"standard","meta":{"_acf_changed":false,"_jetpack_newsletter_access":"","_jetpack_dont_email_post_to_subs":false,"_jetpack_newsletter_tier_id":0,"_jetpack_memberships_contains_paywalled_content":false,"_jetpack_memberships_contains_paid_content":false,"footnotes":""},"categories":[11],"tags":[],"acf":[],"jetpack_featured_media_url":"https:\/\/bacaci-sjenki.hr\/wp-content\/uploads\/2022\/11\/07_1.jpg","jetpack_sharing_enabled":true,"jetpack_shortlink":"https:\/\/wp.me\/p8cCmC-PB","_links":{"self":[{"href":"https:\/\/bacaci-sjenki.hr\/fr\/wp-json\/wp\/v2\/posts\/3199"}],"collection":[{"href":"https:\/\/bacaci-sjenki.hr\/fr\/wp-json\/wp\/v2\/posts"}],"about":[{"href":"https:\/\/bacaci-sjenki.hr\/fr\/wp-json\/wp\/v2\/types\/post"}],"author":[{"embeddable":true,"href":"https:\/\/bacaci-sjenki.hr\/fr\/wp-json\/wp\/v2\/users\/2"}],"replies":[{"embeddable":true,"href":"https:\/\/bacaci-sjenki.hr\/fr\/wp-json\/wp\/v2\/comments?post=3199"}],"version-history":[{"count":6,"href":"https:\/\/bacaci-sjenki.hr\/fr\/wp-json\/wp\/v2\/posts\/3199\/revisions"}],"predecessor-version":[{"id":4310,"href":"https:\/\/bacaci-sjenki.hr\/fr\/wp-json\/wp\/v2\/posts\/3199\/revisions\/4310"}],"wp:featuredmedia":[{"embeddable":true,"href":"https:\/\/bacaci-sjenki.hr\/fr\/wp-json\/wp\/v2\/media\/3202"}],"wp:attachment":[{"href":"https:\/\/bacaci-sjenki.hr\/fr\/wp-json\/wp\/v2\/media?parent=3199"}],"wp:term":[{"taxonomy":"category","embeddable":true,"href":"https:\/\/bacaci-sjenki.hr\/fr\/wp-json\/wp\/v2\/categories?post=3199"},{"taxonomy":"post_tag","embeddable":true,"href":"https:\/\/bacaci-sjenki.hr\/fr\/wp-json\/wp\/v2\/tags?post=3199"}],"curies":[{"name":"wp","href":"https:\/\/api.w.org\/{rel}","templated":true}]}}