{"id":5970,"date":"2026-05-03T06:38:58","date_gmt":"2026-05-03T05:38:58","guid":{"rendered":"https:\/\/bacaci-sjenki.hr\/?p=5970"},"modified":"2026-05-03T06:53:47","modified_gmt":"2026-05-03T05:53:47","slug":"otvaranje-i-program-instituta-za-ostatke-buducnosti-povodom-25-godisnjice-djelovanja-bacaca-sjenki","status":"publish","type":"post","link":"https:\/\/bacaci-sjenki.hr\/fr\/otvaranje-i-program-instituta-za-ostatke-buducnosti-povodom-25-godisnjice-djelovanja-bacaca-sjenki\/","title":{"rendered":"Ouverture et programme de l\u2019\u201cInstitut des restes du futur\u201d \u2013 \u00e0 l\u2019occasion du 25e anniversaire de Shadow Casters"},"content":{"rendered":"<p>Le 5 mai \u00e0 17h00, dans la salle d\u2019exposition du Mus\u00e9e technique Nikola Tesla, Shadow Casters inaugureront solennellement l\u2019\u00ab Institut des restes du futur \u00bb \u2014 une institution d\u2019usage public et de consignation m\u00e9dico-l\u00e9gale des traces, des questions, des ombres, des archives, des conversations inachev\u00e9es, des promesses mal class\u00e9es et des futurs conflictuels qui, pour des raisons d\u2019un optimisme inconnu, ont d\u00e9j\u00e0 commenc\u00e9.<\/p>\n<p>L\u2019Institut n\u2019est pas temporaire. Tant que subsistent les restes du futur, l\u2019Institut demeure \u2014 quel que soit le temps qu\u2019il nous reste.<\/p>\n<p>Apr\u00e8s 25 ans d\u2019activit\u00e9, Shadow Casters, dans leur constante non-fiabilit\u00e9 narrative, n\u2019ouvrent pas une r\u00e9trospective, mais inaugurent un espace o\u00f9 ce qui reste des tentatives pass\u00e9es et futures peut \u00eatre \u00e0 nouveau expos\u00e9, lu, contest\u00e9, utilis\u00e9, mal compris et peut-\u00eatre transform\u00e9 en une nouvelle situation partag\u00e9e.<\/p>\n<p>Le programme de l\u2019Institut se d\u00e9roulera tout au long du mois de mai en quatre blocs:<br \/>\n5\u20139 mai (11h00\u201319h00)<br \/>\n12\u201316 mai (11h00\u201319h00)<br \/>\n19\u201323 mai (11h00\u201319h00)<br \/>\n26\u201330 mai (11h00\u201319h00)<\/p>\n<p>Chaque vendredi, de 16h45 \u00e0 19h00, un atelier de documentation et de mockumentaire sera propos\u00e9 par Shadow Casters.<\/p>\n<p>Comme l\u2019annonce d\u2019une institution s\u00e9rieuse ne doit pas \u00eatre \u00e9puis\u00e9e d\u00e8s le premier jour, et comme l\u2019avenir ne supporte pas un exc\u00e8s d\u2019explications simultan\u00e9es, les \u00e9v\u00e9nements sp\u00e9ciaux, discussions, performances, rencontres, ateliers, interventions, cycles de films et autres (non)occasions seront annonc\u00e9s s\u00e9par\u00e9ment, chacun selon ses propres r\u00e8gles.<\/p>\n<p>Le programme de l\u2019Institut est r\u00e9alis\u00e9 en collaboration avec : Ivan Klisuri\u0107, Boris Vukovi\u0107, Stanko Juzba\u0161i\u0107, Leo Vukeli\u0107, Bojana Burna\u0107, Maru\u0161ka Aras, Sandra Uskokovi\u0107, Viktorija Pilon, Vi\u0161nja \u017dugi\u0107, Zvonimir Be\u0161li\u0107, Anja Pletikosa, Tomislav Krstanovi\u0107, Veno Mu\u0161inovi\u0107, Boris Be\u0161tak, Mladen Hrvoje Ili\u0107, Boris Bakal et de nombreux autres.<\/p>\n<p>Le programme est r\u00e9alis\u00e9 en collaboration avec le Mus\u00e9e technique Nikola Tesla, Savska cesta 18, Zagreb.<\/p>\n<p>Partenaires du projet : MOTS Trnjanska Savica, Centre \u00e9tudiant de Zagreb, Mus\u00e9e scolaire croate, Facult\u00e9 des sciences (D\u00e9partement de g\u00e9ologie), Jadran Film.<\/p>\n<p>L\u2019\u00ab Institut des restes du futur \u00bb est soutenu par : le Minist\u00e8re de la Culture et des M\u00e9dias de la R\u00e9publique de Croatie et la Ville de Zagreb \u2013 Bureau de la culture et de la soci\u00e9t\u00e9 civile.<\/p>\n<p>Shadow Casters sont soutenus par : Erasmus+ ; HAVC ; le Minist\u00e8re de la Science, de l\u2019\u00c9ducation et de la Jeunesse ; l\u2019Agence des m\u00e9dias \u00e9lectroniques ; l\u2019Association croate des auteurs et producteurs audiovisuels ; la R\u00e9gion de Primorje-Gorski Kotar ; la Ville de Split ; la Ville de Koprivnica ; la Ville de Rijeka ; et une partie du programme est r\u00e9alis\u00e9e via le r\u00e9seau Clubture, soutenu par la Fondation nationale pour le d\u00e9veloppement de la soci\u00e9t\u00e9 civile et la Fondation Kultura Nova.<\/p>\n<p><a href=\"https:\/\/bacaci-sjenki.hr\/wp-content\/uploads\/2026\/05\/TMNT-BS-05.jpg\"><img fetchpriority=\"high\" decoding=\"async\" data-attachment-id=\"5973\" data-permalink=\"https:\/\/bacaci-sjenki.hr\/fr\/otvaranje-i-program-instituta-za-ostatke-buducnosti-povodom-25-godisnjice-djelovanja-bacaca-sjenki\/tmnt-bs-05\/\" data-orig-file=\"https:\/\/bacaci-sjenki.hr\/wp-content\/uploads\/2026\/05\/TMNT-BS-05.jpg\" data-orig-size=\"432,600\" data-comments-opened=\"0\" data-image-meta=\"{&quot;aperture&quot;:&quot;0&quot;,&quot;credit&quot;:&quot;&quot;,&quot;camera&quot;:&quot;&quot;,&quot;caption&quot;:&quot;&quot;,&quot;created_timestamp&quot;:&quot;0&quot;,&quot;copyright&quot;:&quot;&quot;,&quot;focal_length&quot;:&quot;0&quot;,&quot;iso&quot;:&quot;0&quot;,&quot;shutter_speed&quot;:&quot;0&quot;,&quot;title&quot;:&quot;&quot;,&quot;orientation&quot;:&quot;0&quot;}\" data-image-title=\"TMNT-BS-05\" data-image-description=\"\" data-image-caption=\"\" data-medium-file=\"https:\/\/bacaci-sjenki.hr\/wp-content\/uploads\/2026\/05\/TMNT-BS-05-216x300.jpg\" data-large-file=\"https:\/\/bacaci-sjenki.hr\/wp-content\/uploads\/2026\/05\/TMNT-BS-05.jpg\" class=\"alignnone size-medium wp-image-5973\" src=\"https:\/\/bacaci-sjenki.hr\/wp-content\/uploads\/2026\/05\/TMNT-BS-05-216x300.jpg\" alt=\"\" width=\"216\" height=\"300\" srcset=\"https:\/\/bacaci-sjenki.hr\/wp-content\/uploads\/2026\/05\/TMNT-BS-05-216x300.jpg 216w, https:\/\/bacaci-sjenki.hr\/wp-content\/uploads\/2026\/05\/TMNT-BS-05.jpg 432w\" sizes=\"(max-width: 216px) 100vw, 216px\" \/><\/a><\/p>","protected":false},"excerpt":{"rendered":"<p>Le 5 mai \u00e0 17h00, dans la salle d\u2019exposition du Mus\u00e9e technique Nikola Tesla, Shadow Casters inaugureront solennellement l\u2019\u00ab Institut des restes du futur \u00bb \u2014 une institution d\u2019usage public et de consignation m\u00e9dico-l\u00e9gale des traces, des questions, des ombres, des archives, des conversations inachev\u00e9es, des promesses mal class\u00e9es et des futurs conflictuels qui, pour [&hellip;]<\/p>\n","protected":false},"author":2,"featured_media":5971,"comment_status":"closed","ping_status":"closed","sticky":false,"template":"","format":"standard","meta":{"_acf_changed":false,"_jetpack_newsletter_access":"","_jetpack_dont_email_post_to_subs":false,"_jetpack_newsletter_tier_id":0,"_jetpack_memberships_contains_paywalled_content":false,"_jetpack_memberships_contains_paid_content":false,"footnotes":""},"categories":[11],"tags":[],"acf":[],"jetpack_featured_media_url":"https:\/\/bacaci-sjenki.hr\/wp-content\/uploads\/2026\/05\/Baner-25-TM-NT-web.png","jetpack_sharing_enabled":true,"jetpack_shortlink":"https:\/\/wp.me\/p8cCmC-1yi","_links":{"self":[{"href":"https:\/\/bacaci-sjenki.hr\/fr\/wp-json\/wp\/v2\/posts\/5970"}],"collection":[{"href":"https:\/\/bacaci-sjenki.hr\/fr\/wp-json\/wp\/v2\/posts"}],"about":[{"href":"https:\/\/bacaci-sjenki.hr\/fr\/wp-json\/wp\/v2\/types\/post"}],"author":[{"embeddable":true,"href":"https:\/\/bacaci-sjenki.hr\/fr\/wp-json\/wp\/v2\/users\/2"}],"replies":[{"embeddable":true,"href":"https:\/\/bacaci-sjenki.hr\/fr\/wp-json\/wp\/v2\/comments?post=5970"}],"version-history":[{"count":3,"href":"https:\/\/bacaci-sjenki.hr\/fr\/wp-json\/wp\/v2\/posts\/5970\/revisions"}],"predecessor-version":[{"id":5976,"href":"https:\/\/bacaci-sjenki.hr\/fr\/wp-json\/wp\/v2\/posts\/5970\/revisions\/5976"}],"wp:featuredmedia":[{"embeddable":true,"href":"https:\/\/bacaci-sjenki.hr\/fr\/wp-json\/wp\/v2\/media\/5971"}],"wp:attachment":[{"href":"https:\/\/bacaci-sjenki.hr\/fr\/wp-json\/wp\/v2\/media?parent=5970"}],"wp:term":[{"taxonomy":"category","embeddable":true,"href":"https:\/\/bacaci-sjenki.hr\/fr\/wp-json\/wp\/v2\/categories?post=5970"},{"taxonomy":"post_tag","embeddable":true,"href":"https:\/\/bacaci-sjenki.hr\/fr\/wp-json\/wp\/v2\/tags?post=5970"}],"curies":[{"name":"wp","href":"https:\/\/api.w.org\/{rel}","templated":true}]}}