{"id":1951,"date":"2020-10-27T14:16:02","date_gmt":"2020-10-27T13:16:02","guid":{"rendered":"https:\/\/bacaci-sjenki.hr\/?p=1951"},"modified":"2024-07-16T08:34:20","modified_gmt":"2024-07-16T07:34:20","slug":"stvaralacka-vecer-s-mariom-kovacem-izmedu-kvizova-politike-i-umjetnosti","status":"publish","type":"post","link":"https:\/\/bacaci-sjenki.hr\/it\/stvaralacka-vecer-s-mariom-kovacem-izmedu-kvizova-politike-i-umjetnosti\/","title":{"rendered":"(Hrvatski) Stvarala\u010dka ve\u010der s Mariom Kova\u010dem: &#8220;Izme\u0111u kvizova, politike i umjetnosti&#8221;"},"content":{"rendered":"<p class=\"qtranxs-available-languages-message qtranxs-available-languages-message-it\">Ci spiace, ma questo articolo \u00e8 disponibile soltanto in <a href=\"https:\/\/bacaci-sjenki.hr\/hr\/wp-json\/wp\/v2\/posts\/1951\" class=\"qtranxs-available-language-link qtranxs-available-language-link-hr\" title=\"Hrvatski\">Hrvatski<\/a> e <a href=\"https:\/\/bacaci-sjenki.hr\/en\/wp-json\/wp\/v2\/posts\/1951\" class=\"qtranxs-available-language-link qtranxs-available-language-link-en\" title=\"English\">English<\/a>.<\/p>","protected":false},"excerpt":{"rendered":"<p>Ci spiace, ma questo articolo \u00e8 disponibile soltanto in Hrvatski e English.<\/p>\n","protected":false},"author":2,"featured_media":1952,"comment_status":"closed","ping_status":"closed","sticky":false,"template":"","format":"standard","meta":{"_acf_changed":false,"_jetpack_newsletter_access":"","_jetpack_dont_email_post_to_subs":false,"_jetpack_newsletter_tier_id":0,"_jetpack_memberships_contains_paywalled_content":false,"_jetpack_memberships_contains_paid_content":false,"footnotes":""},"categories":[11],"tags":[],"acf":[],"jetpack_featured_media_url":"https:\/\/bacaci-sjenki.hr\/wp-content\/uploads\/2020\/10\/22-ljudi-mario-fb-B2.jpg","jetpack_sharing_enabled":true,"jetpack_shortlink":"https:\/\/wp.me\/p8cCmC-vt","_links":{"self":[{"href":"https:\/\/bacaci-sjenki.hr\/it\/wp-json\/wp\/v2\/posts\/1951"}],"collection":[{"href":"https:\/\/bacaci-sjenki.hr\/it\/wp-json\/wp\/v2\/posts"}],"about":[{"href":"https:\/\/bacaci-sjenki.hr\/it\/wp-json\/wp\/v2\/types\/post"}],"author":[{"embeddable":true,"href":"https:\/\/bacaci-sjenki.hr\/it\/wp-json\/wp\/v2\/users\/2"}],"replies":[{"embeddable":true,"href":"https:\/\/bacaci-sjenki.hr\/it\/wp-json\/wp\/v2\/comments?post=1951"}],"version-history":[{"count":4,"href":"https:\/\/bacaci-sjenki.hr\/it\/wp-json\/wp\/v2\/posts\/1951\/revisions"}],"predecessor-version":[{"id":4423,"href":"https:\/\/bacaci-sjenki.hr\/it\/wp-json\/wp\/v2\/posts\/1951\/revisions\/4423"}],"wp:featuredmedia":[{"embeddable":true,"href":"https:\/\/bacaci-sjenki.hr\/it\/wp-json\/wp\/v2\/media\/1952"}],"wp:attachment":[{"href":"https:\/\/bacaci-sjenki.hr\/it\/wp-json\/wp\/v2\/media?parent=1951"}],"wp:term":[{"taxonomy":"category","embeddable":true,"href":"https:\/\/bacaci-sjenki.hr\/it\/wp-json\/wp\/v2\/categories?post=1951"},{"taxonomy":"post_tag","embeddable":true,"href":"https:\/\/bacaci-sjenki.hr\/it\/wp-json\/wp\/v2\/tags?post=1951"}],"curies":[{"name":"wp","href":"https:\/\/api.w.org\/{rel}","templated":true}]}}