{"id":2025,"date":"2020-11-05T10:14:15","date_gmt":"2020-11-05T09:14:15","guid":{"rendered":"https:\/\/bacaci-sjenki.hr\/?p=2025"},"modified":"2024-07-16T08:27:13","modified_gmt":"2024-07-16T07:27:13","slug":"stvaralacka-vecer-s-jelenom-miholjevic-jedan-slavni-i-vazni-zenski-glas","status":"publish","type":"post","link":"https:\/\/bacaci-sjenki.hr\/it\/stvaralacka-vecer-s-jelenom-miholjevic-jedan-slavni-i-vazni-zenski-glas\/","title":{"rendered":"(Hrvatski) Stvarala\u010dka ve\u010der s Jelenom Miholjevi\u0107: &#8220;Jedan slavni i va\u017eni \u017eenski glas&#8221;"},"content":{"rendered":"<p class=\"qtranxs-available-languages-message qtranxs-available-languages-message-it\">Ci spiace, ma questo articolo \u00e8 disponibile soltanto in <a href=\"https:\/\/bacaci-sjenki.hr\/hr\/wp-json\/wp\/v2\/posts\/2025\" class=\"qtranxs-available-language-link qtranxs-available-language-link-hr\" title=\"Hrvatski\">Hrvatski<\/a> e <a href=\"https:\/\/bacaci-sjenki.hr\/en\/wp-json\/wp\/v2\/posts\/2025\" class=\"qtranxs-available-language-link qtranxs-available-language-link-en\" title=\"English\">English<\/a>.<\/p>","protected":false},"excerpt":{"rendered":"<p>Ci spiace, ma questo articolo \u00e8 disponibile soltanto in Hrvatski e English.<\/p>\n","protected":false},"author":2,"featured_media":2027,"comment_status":"closed","ping_status":"closed","sticky":false,"template":"","format":"standard","meta":{"_acf_changed":false,"_jetpack_newsletter_access":"","_jetpack_dont_email_post_to_subs":false,"_jetpack_newsletter_tier_id":0,"_jetpack_memberships_contains_paywalled_content":false,"_jetpack_memberships_contains_paid_content":false,"footnotes":""},"categories":[11],"tags":[],"acf":[],"jetpack_featured_media_url":"https:\/\/bacaci-sjenki.hr\/wp-content\/uploads\/2020\/11\/WhatsApp-Image-2020-11-03-at-10.45.03-1.jpeg","jetpack_sharing_enabled":true,"jetpack_shortlink":"https:\/\/wp.me\/p8cCmC-wF","_links":{"self":[{"href":"https:\/\/bacaci-sjenki.hr\/it\/wp-json\/wp\/v2\/posts\/2025"}],"collection":[{"href":"https:\/\/bacaci-sjenki.hr\/it\/wp-json\/wp\/v2\/posts"}],"about":[{"href":"https:\/\/bacaci-sjenki.hr\/it\/wp-json\/wp\/v2\/types\/post"}],"author":[{"embeddable":true,"href":"https:\/\/bacaci-sjenki.hr\/it\/wp-json\/wp\/v2\/users\/2"}],"replies":[{"embeddable":true,"href":"https:\/\/bacaci-sjenki.hr\/it\/wp-json\/wp\/v2\/comments?post=2025"}],"version-history":[{"count":5,"href":"https:\/\/bacaci-sjenki.hr\/it\/wp-json\/wp\/v2\/posts\/2025\/revisions"}],"predecessor-version":[{"id":4422,"href":"https:\/\/bacaci-sjenki.hr\/it\/wp-json\/wp\/v2\/posts\/2025\/revisions\/4422"}],"wp:featuredmedia":[{"embeddable":true,"href":"https:\/\/bacaci-sjenki.hr\/it\/wp-json\/wp\/v2\/media\/2027"}],"wp:attachment":[{"href":"https:\/\/bacaci-sjenki.hr\/it\/wp-json\/wp\/v2\/media?parent=2025"}],"wp:term":[{"taxonomy":"category","embeddable":true,"href":"https:\/\/bacaci-sjenki.hr\/it\/wp-json\/wp\/v2\/categories?post=2025"},{"taxonomy":"post_tag","embeddable":true,"href":"https:\/\/bacaci-sjenki.hr\/it\/wp-json\/wp\/v2\/tags?post=2025"}],"curies":[{"name":"wp","href":"https:\/\/api.w.org\/{rel}","templated":true}]}}