{"id":5970,"date":"2026-05-03T06:38:58","date_gmt":"2026-05-03T05:38:58","guid":{"rendered":"https:\/\/bacaci-sjenki.hr\/?p=5970"},"modified":"2026-05-03T06:53:47","modified_gmt":"2026-05-03T05:53:47","slug":"otvaranje-i-program-instituta-za-ostatke-buducnosti-povodom-25-godisnjice-djelovanja-bacaca-sjenki","status":"publish","type":"post","link":"https:\/\/bacaci-sjenki.hr\/it\/otvaranje-i-program-instituta-za-ostatke-buducnosti-povodom-25-godisnjice-djelovanja-bacaca-sjenki\/","title":{"rendered":"Inaugurazione e programma dell\u2019\u201cIstituto del futuro avanzato\u201d \u2013 in occasione del 25\u00b0 anniversario di Shadow Casters"},"content":{"rendered":"<p>Il 5 maggio alle ore 17:00, nella sala espositiva del <a href=\"https:\/\/tmnt.hr\/hr-hr\/\">Museo Tecnico Nikola Tesla<\/a> a Zagabria (Savska 18), Shadow Casters inaugureranno solennemente l\u2019\u201cIstituto per i resti del futuro\u201d \u2014 un\u2019istituzione di uso pubblico e per la registrazione forense di tracce, domande, ombre, archivi, conversazioni non concluse, promesse mal archiviate e futuri conflittuali che, per ragioni di sconosciuto ottimismo, sono gi\u00e0 iniziati.<\/p>\n<p>L\u2019Istituto non \u00e8 temporaneo. Finch\u00e9 esistono resti del futuro, esiste anche l\u2019Istituto \u2014 per quanto tempo ci resti.<\/p>\n<p>Dopo 25 anni di lavoro, Shadow Casters, nella loro coerente inaffidabilit\u00e0 narrativa, non aprono una retrospettiva, ma inaugurano uno spazio in cui ci\u00f2 che resta dei tentativi passati e futuri pu\u00f2 essere nuovamente esposto, letto, contestato, utilizzato, frainteso e forse trasformato in una nuova situazione condivisa.<\/p>\n<p>Il programma dell\u2019Istituto si svolger\u00e0 per tutto il mese di maggio in quattro blocchi:<br \/>\n5\u20139 maggio (11:00\u201319:00)<br \/>\n12\u201316 maggio (11:00\u201319:00)<br \/>\n19\u201323 maggio (11:00\u201319:00)<br \/>\n26\u201330 maggio (11:00\u201319:00)<\/p>\n<p>Ogni venerd\u00ec, dalle 16:45 alle 19:00, si terr\u00e0 un laboratorio di documentazione e mockumentario a cura di Shadow Casters.<\/p>\n<p>Poich\u00e9 l\u2019annuncio di una istituzione seria non dovrebbe esaurirsi nel primo giorno, e poich\u00e9 il futuro non tollera un eccesso di spiegazioni tutte insieme, eventi speciali, conversazioni, performance, incontri, laboratori, interventi, rassegne cinematografiche e altre (non)occasioni saranno annunciati separatamente, ciascuno con le proprie regole.<\/p>\n<p>Al programma dell\u2019Istituto collaborano: Ivan Klisuri\u0107, Boris Vukovi\u0107, Stanko Juzba\u0161i\u0107, Leo Vukeli\u0107, Bojana Burna\u0107, Maru\u0161ka Aras, Sandra Uskokovi\u0107, Viktorija Pilon, Vi\u0161nja \u017dugi\u0107, Zvonimir Be\u0161li\u0107, Anja Pletikosa, Tomislav Krstanovi\u0107, Veno Mu\u0161inovi\u0107, Boris Be\u0161tak, Mladen Hrvoje Ili\u0107, Boris Bakal e molti altri.<\/p>\n<p>Il programma si realizza in collaborazione con <a href=\"https:\/\/tmnt.hr\/hr-hr\/\">il Museo Tecnico Nikola Tesla<\/a>, Savska cesta 18, Zagabria.<\/p>\n<p>Partner del progetto: <a href=\"https:\/\/www.facebook.com\/MOsavica\/\">Galleria MOTS Trnjanska Savica<\/a>, <a href=\"https:\/\/www.sczg.unizg.hr\/\">Centro Studentesco di Zagabria<\/a>, <a href=\"https:\/\/www.hsmuzej.hr\/\">Museo scolastico croato<\/a>, <a href=\"https:\/\/www.pmf.unizg.hr\/geol\/studiji\/preddiplomski_studij\/geologija\">Facolt\u00e0 di Scienze (Dipartimento di Geologia)<\/a>, <a href=\"https:\/\/jadran-film.com\/\">Jadran Film<\/a>.<\/p>\n<p>L\u2019\u201cIstituto per i resti del futuro\u201d \u00e8 sostenuto da: Ministero della Cultura e dei Media della Repubblica di Croazia e Citt\u00e0 di Zagabria \u2013 Ufficio per la cultura e la societ\u00e0 civile.<\/p>\n<p>Shadow Casters sono sostenuti da: Erasmus+; HAVC; Ministero della Scienza, Istruzione e Giovani; Agenzia per i media elettronici; Associazione croata degli autori e produttori audiovisivi; Regione Litoraneo-Montana; Citt\u00e0 di Spalato; Citt\u00e0 di Koprivnica; Citt\u00e0 di Fiume; e parte del programma \u00e8 realizzata attraverso la rete Clubture, sostenuta dalla Fondazione nazionale per lo sviluppo della societ\u00e0 civile e dalla Fondazione Kultura Nova.<\/p>","protected":false},"excerpt":{"rendered":"<p>Il 5 maggio alle ore 17:00, nella sala espositiva del Museo Tecnico Nikola Tesla a Zagabria (Savska 18), Shadow Casters inaugureranno solennemente l\u2019\u201cIstituto per i resti del futuro\u201d \u2014 un\u2019istituzione di uso pubblico e per la registrazione forense di tracce, domande, ombre, archivi, conversazioni non concluse, promesse mal archiviate e futuri conflittuali che, per ragioni [&hellip;]<\/p>\n","protected":false},"author":2,"featured_media":5971,"comment_status":"closed","ping_status":"closed","sticky":false,"template":"","format":"standard","meta":{"_acf_changed":false,"_jetpack_newsletter_access":"","_jetpack_dont_email_post_to_subs":false,"_jetpack_newsletter_tier_id":0,"_jetpack_memberships_contains_paywalled_content":false,"_jetpack_memberships_contains_paid_content":false,"footnotes":""},"categories":[11],"tags":[],"acf":[],"jetpack_featured_media_url":"https:\/\/bacaci-sjenki.hr\/wp-content\/uploads\/2026\/05\/Baner-25-TM-NT-web.png","jetpack_sharing_enabled":true,"jetpack_shortlink":"https:\/\/wp.me\/p8cCmC-1yi","_links":{"self":[{"href":"https:\/\/bacaci-sjenki.hr\/it\/wp-json\/wp\/v2\/posts\/5970"}],"collection":[{"href":"https:\/\/bacaci-sjenki.hr\/it\/wp-json\/wp\/v2\/posts"}],"about":[{"href":"https:\/\/bacaci-sjenki.hr\/it\/wp-json\/wp\/v2\/types\/post"}],"author":[{"embeddable":true,"href":"https:\/\/bacaci-sjenki.hr\/it\/wp-json\/wp\/v2\/users\/2"}],"replies":[{"embeddable":true,"href":"https:\/\/bacaci-sjenki.hr\/it\/wp-json\/wp\/v2\/comments?post=5970"}],"version-history":[{"count":3,"href":"https:\/\/bacaci-sjenki.hr\/it\/wp-json\/wp\/v2\/posts\/5970\/revisions"}],"predecessor-version":[{"id":5976,"href":"https:\/\/bacaci-sjenki.hr\/it\/wp-json\/wp\/v2\/posts\/5970\/revisions\/5976"}],"wp:featuredmedia":[{"embeddable":true,"href":"https:\/\/bacaci-sjenki.hr\/it\/wp-json\/wp\/v2\/media\/5971"}],"wp:attachment":[{"href":"https:\/\/bacaci-sjenki.hr\/it\/wp-json\/wp\/v2\/media?parent=5970"}],"wp:term":[{"taxonomy":"category","embeddable":true,"href":"https:\/\/bacaci-sjenki.hr\/it\/wp-json\/wp\/v2\/categories?post=5970"},{"taxonomy":"post_tag","embeddable":true,"href":"https:\/\/bacaci-sjenki.hr\/it\/wp-json\/wp\/v2\/tags?post=5970"}],"curies":[{"name":"wp","href":"https:\/\/api.w.org\/{rel}","templated":true}]}}